{"id":1057,"date":"2017-04-04T09:07:11","date_gmt":"2017-04-04T08:07:11","guid":{"rendered":"https:\/\/www.ges.lu\/ges-expands-its-executive-display-network\/"},"modified":"2024-11-26T13:59:54","modified_gmt":"2024-11-26T12:59:54","slug":"ges-expands-its-executive-display-network","status":"publish","type":"post","link":"https:\/\/www.ges.lu\/de\/ges-expands-its-executive-display-network\/","title":{"rendered":"GES erweitert sein Netzwerk von Displays f\u00fcr F\u00fchrungskr\u00e4fte"},"content":{"rendered":"<div class=\"post-inner\"><\/div><hr \/>\n<p>In Luxemburg-Stadt und im S\u00fcden des Gro\u00dfherzogtums Luxemburg gibt es inzwischen rund hundert gesch\u00fctzte A2-Plakatstellen<\/p>\n<p>Vergessen Sie nicht, dieses Kommunikationsinstrument f\u00fcr Ihre Kampagnen zu nutzen!<div class=\"post-inner\"><\/div><hr \/><img loading=\"lazy\" decoding=\"async\" class=\"wp-img\" class=\"alignnone size-full wp-image-617\" src=\"http:\/\/www.ges.lu\/wp-content\/uploads\/2017\/04\/L1090639.jpg\" alt=\"L1090639\" width=\"3968\" height=\"2232\" srcset=\"https:\/\/www.ges.lu\/wp-content\/uploads\/2017\/04\/L1090639.jpg 3968w, https:\/\/www.ges.lu\/wp-content\/uploads\/2017\/04\/L1090639-750x422.jpg 750w, https:\/\/www.ges.lu\/wp-content\/uploads\/2017\/04\/L1090639-1024x576.jpg 1024w\" sizes=\"auto, (max-width: 3968px) 100vw, 3968px\" \/><\/p>\n","protected":false},"excerpt":{"rendered":"<p>In Luxemburg-Stadt und im S\u00fcden des Gro\u00dfherzogtums Luxemburg gibt es inzwischen rund hundert gesch\u00fctzte A2-Plakatstellen Vergessen Sie nicht, dieses Kommunikationsinstrument<span class=\"excerpt_more\"> (&#8230;)<\/span><\/p>\n","protected":false},"author":1,"featured_media":1015,"comment_status":"open","ping_status":"open","sticky":false,"template":"","format":"standard","meta":{"footnotes":""},"categories":[18],"tags":[],"class_list":["post-1057","post","type-post","status-publish","format-standard","has-post-thumbnail","hentry","category-non-classifiee-de"],"_links":{"self":[{"href":"https:\/\/www.ges.lu\/de\/wp-json\/wp\/v2\/posts\/1057","targetHints":{"allow":["GET"]}}],"collection":[{"href":"https:\/\/www.ges.lu\/de\/wp-json\/wp\/v2\/posts"}],"about":[{"href":"https:\/\/www.ges.lu\/de\/wp-json\/wp\/v2\/types\/post"}],"author":[{"embeddable":true,"href":"https:\/\/www.ges.lu\/de\/wp-json\/wp\/v2\/users\/1"}],"replies":[{"embeddable":true,"href":"https:\/\/www.ges.lu\/de\/wp-json\/wp\/v2\/comments?post=1057"}],"version-history":[{"count":1,"href":"https:\/\/www.ges.lu\/de\/wp-json\/wp\/v2\/posts\/1057\/revisions"}],"predecessor-version":[{"id":1059,"href":"https:\/\/www.ges.lu\/de\/wp-json\/wp\/v2\/posts\/1057\/revisions\/1059"}],"wp:featuredmedia":[{"embeddable":true,"href":"https:\/\/www.ges.lu\/de\/wp-json\/wp\/v2\/media\/1015"}],"wp:attachment":[{"href":"https:\/\/www.ges.lu\/de\/wp-json\/wp\/v2\/media?parent=1057"}],"wp:term":[{"taxonomy":"category","embeddable":true,"href":"https:\/\/www.ges.lu\/de\/wp-json\/wp\/v2\/categories?post=1057"},{"taxonomy":"post_tag","embeddable":true,"href":"https:\/\/www.ges.lu\/de\/wp-json\/wp\/v2\/tags?post=1057"}],"curies":[{"name":"wp","href":"https:\/\/api.w.org\/{rel}","templated":true}]}}